{"id":106338,"date":"2026-04-27T07:54:14","date_gmt":"2026-04-27T07:54:14","guid":{"rendered":"https:\/\/laroyale.com\/?p=106338"},"modified":"2026-04-28T05:06:49","modified_gmt":"2026-04-28T05:06:49","slug":"comment-lia-transforme-le-marche-du-travail-mondial","status":"publish","type":"post","link":"https:\/\/laroyale.com\/fr\/comment-lia-transforme-le-marche-du-travail-mondial\/","title":{"rendered":"Comment l&rsquo;IA transforme le march\u00e9 du travail mondial"},"content":{"rendered":"\t\t<div data-elementor-type=\"wp-post\" data-elementor-id=\"106338\" class=\"elementor elementor-106338 elementor-106328\">\n\t\t\t\t<div class=\"wd-negative-gap elementor-element elementor-element-a58b56f e-flex e-con-boxed e-con e-parent\" data-id=\"a58b56f\" data-element_type=\"container\" data-e-type=\"container\">\n\t\t\t\t\t<div class=\"e-con-inner\">\n\t\t\t\t<div class=\"elementor-element elementor-element-d1fdd36 elementor-widget elementor-widget-wd_text_block\" data-id=\"d1fdd36\" data-element_type=\"widget\" data-e-type=\"widget\" data-widget_type=\"wd_text_block.default\">\n\t\t\t\t<div class=\"elementor-widget-container\">\n\t\t\t\t\t\t\t<div class=\"wd-text-block reset-last-child text-left\">\n\t\t\t\n\t\t\t<p><span style=\"font-weight: 400;\">L'avenir du travail n'est plus une simple hypoth\u00e8se. L'automatisation, l'intelligence artificielle et les plateformes num\u00e9riques sont en train de transformer les m\u00e9thodes de travail dans tous les secteurs, tandis que des changements structurels plus larges (de la fragmentation g\u00e9o\u00e9conomique \u00e0 la transition \u00e9cologique) continuent de red\u00e9finir l'\u00e9conomie mondiale. <\/span><\/p><p><span style=\"font-weight: 400;\">Ces forces n'agissent pas isol\u00e9ment. Ensemble, elles sont \u00e0 l'origine de l'une des transformations les plus importantes du monde du travail depuis des d\u00e9cennies. <\/span><span style=\"font-weight: 400;\"><br><\/span><span style=\"font-weight: 400;\"><br><\/span><span style=\"font-weight: 400;\">D'ici 2030, environ 170 millions de nouveaux emplois pourraient \u00eatre cr\u00e9\u00e9s \u00e0 l'\u00e9chelle mondiale, tandis qu'environ 92 millions d'emplois existants pourraient dispara\u00eetre. Il en r\u00e9sulte un gain net, mais qui refl\u00e8te une r\u00e9alit\u00e9 plus complexe. La cr\u00e9ation et la suppression d'emplois ne se produisent pas de mani\u00e8re uniforme, et les liens entre ces deux ph\u00e9nom\u00e8nes restent incertains.  <\/span><\/p><p><span style=\"font-weight: 400;\">Dans le m\u00eame temps, les comp\u00e9tences requises pour s'int\u00e9grer \u00e0 ce march\u00e9 du travail en pleine \u00e9volution \u00e9voluent rapidement. Selon LinkedIn, la demande en comp\u00e9tences en intelligence artificielle a augment\u00e9 de 70 % entre 2024 et 2025. Ce qui \u00e9tait autrefois consid\u00e9r\u00e9 comme une comp\u00e9tence technique sp\u00e9cialis\u00e9e devient rapidement une exigence de base, tous postes et secteurs confondus.  <\/span><\/p>\n\t\t\t\t\t<\/div>\n\t\t\t\t\t\t<\/div>\n\t\t\t\t<\/div>\n\t\t\t\t<div class=\"elementor-element elementor-element-6d4e5f4 elementor-widget elementor-widget-wd_text_block\" data-id=\"6d4e5f4\" data-element_type=\"widget\" data-e-type=\"widget\" data-widget_type=\"wd_text_block.default\">\n\t\t\t\t<div class=\"elementor-widget-container\">\n\t\t\t\t\t\t\t<div class=\"wd-text-block reset-last-child text-left\">\n\t\t\t\n\t\t\t<p><i><span style=\"font-weight: 400;\">[Source: <\/span><\/i><a href=\"https:\/\/reports.weforum.org\/docs\/WEF_Four_Futures_for_Jobs_in_the_New_Economy_AI_and_Talent_in_2030_2025.pdf\"><i><span style=\"font-weight: 400;\">World Economic Forum<\/span><\/i><\/a><i><span style=\"font-weight: 400;\">]<\/span><\/i><\/p>\n\t\t\t\t\t<\/div>\n\t\t\t\t\t\t<\/div>\n\t\t\t\t<\/div>\n\t\t\t\t<div class=\"elementor-element elementor-element-c673105 elementor-widget elementor-widget-wd_text_block\" data-id=\"c673105\" data-element_type=\"widget\" data-e-type=\"widget\" data-widget_type=\"wd_text_block.default\">\n\t\t\t\t<div class=\"elementor-widget-container\">\n\t\t\t\t\t\t\t<div class=\"wd-text-block reset-last-child text-left\">\n\t\t\t\n\t\t\t<p><span style=\"font-weight: 400;\">Cette acc\u00e9l\u00e9ration se fait \u00e9galement sentir au niveau organisationnel. Le  <\/span>Le rapport \u00ab L'avenir de l'emploi 2025 \u00bb du Forum \u00e9conomique mondial indique que l'intelligence artificielle et les technologies de traitement de l'information toucheront 86 % des entreprises d'ici 2030, ce qui laisse pr\u00e9sager une adoption g\u00e9n\u00e9ralis\u00e9e dans tous les secteurs, de la finance et de la sant\u00e9 \u00e0 l'industrie manufacturi\u00e8re et aux services publics.<\/p>\n\t\t\t\t\t<\/div>\n\t\t\t\t\t\t<\/div>\n\t\t\t\t<\/div>\n\t\t\t\t<div class=\"elementor-element elementor-element-740177a elementor-widget elementor-widget-wd_text_block\" data-id=\"740177a\" data-element_type=\"widget\" data-e-type=\"widget\" data-widget_type=\"wd_text_block.default\">\n\t\t\t\t<div class=\"elementor-widget-container\">\n\t\t\t\t\t\t\t<div class=\"wd-text-block reset-last-child text-left\">\n\t\t\t\n\t\t\t<p><i><span style=\"font-weight: 400;\">[Source: <\/span><\/i><a href=\"https:\/\/reports.weforum.org\/docs\/WEF_Future_of_Jobs_Report_2025.pdf\"><i><span style=\"font-weight: 400;\">World Economic Forum<\/span><\/i><\/a><i><span style=\"font-weight: 400;\">]<\/span><\/i><\/p>\n\t\t\t\t\t<\/div>\n\t\t\t\t\t\t<\/div>\n\t\t\t\t<\/div>\n\t\t\t\t\t<\/div>\n\t\t\t\t<\/div>\n\t\t<div class=\"wd-negative-gap elementor-element elementor-element-c5b5185 e-flex e-con-boxed e-con e-parent\" data-id=\"c5b5185\" data-element_type=\"container\" data-e-type=\"container\">\n\t\t\t\t\t<div class=\"e-con-inner\">\n\t\t\t\t<div class=\"elementor-element elementor-element-b3b8079 wd-width-100 elementor-widget elementor-widget-wd_title\" data-id=\"b3b8079\" data-element_type=\"widget\" data-e-type=\"widget\" data-widget_type=\"wd_title.default\">\n\t\t\t\t<div class=\"elementor-widget-container\">\n\t\t\t\t\t\t\t<div class=\"title-wrapper wd-set-mb reset-last-child wd-title-color-default wd-title-style-default wd-title-size-default text-left\">\n\n\t\t\t\n\t\t\t<div class=\"liner-continer\">\n\t\t\t\t<h4 class=\"woodmart-title-container title wd-fontsize-l\">L'adoption sans barri\u00e8res<br \/>\n<\/h4> \n\t\t\t\t\t\t\t<\/div>\n\n\t\t\t\t\t<\/div>\n\t\t\t\t\t\t<\/div>\n\t\t\t\t<\/div>\n\t\t\t\t<div class=\"elementor-element elementor-element-1269429 elementor-widget elementor-widget-wd_text_block\" data-id=\"1269429\" data-element_type=\"widget\" data-e-type=\"widget\" data-widget_type=\"wd_text_block.default\">\n\t\t\t\t<div class=\"elementor-widget-container\">\n\t\t\t\t\t\t\t<div class=\"wd-text-block reset-last-child text-left\">\n\t\t\t\n\t\t\t<p><span style=\"font-weight: 400;\">L'une des caract\u00e9ristiques marquantes de cette transformation est l'accessibilit\u00e9 de l'IA.<\/span><\/p><p><span style=\"font-weight: 400;\">Unlike previous waves of technological change, firms do not necessarily need significant upfront investment to begin using AI tools. The barrier to entry is relatively low, enabling broad adoption - including among smaller firms. <\/span><\/p><p><span style=\"font-weight: 400;\">Cela soul\u00e8ve une question fondamentale : l'adoption croissante de l'IA entra\u00eene-t-elle une r\u00e9duction des effectifs ?<\/span><\/p><p><span style=\"font-weight: 400;\">Les donn\u00e9es actuelles laissent entrevoir une r\u00e9alit\u00e9 plus nuanc\u00e9e. Une \u00e9tude de la Banque centrale europ\u00e9enne montre que les entreprises qui recourent largement \u00e0 l'IA sont l\u00e9g\u00e8rement plus enclines \u00e0 augmenter leurs effectifs. En moyenne, les entreprises \u00e0 forte intensit\u00e9 d'IA sont environ 4 % plus susceptibles d'embaucher, ce qui sugg\u00e8re que l'IA est souvent utilis\u00e9e pour accro\u00eetre la productivit\u00e9 plut\u00f4t que pour remplacer la main-d'\u0153uvre.  <\/span><\/p>\n\t\t\t\t\t<\/div>\n\t\t\t\t\t\t<\/div>\n\t\t\t\t<\/div>\n\t\t\t\t<div class=\"elementor-element elementor-element-eaeb490 elementor-widget elementor-widget-wd_text_block\" data-id=\"eaeb490\" data-element_type=\"widget\" data-e-type=\"widget\" data-widget_type=\"wd_text_block.default\">\n\t\t\t\t<div class=\"elementor-widget-container\">\n\t\t\t\t\t\t\t<div class=\"wd-text-block reset-last-child text-left\">\n\t\t\t\n\t\t\t<p><i><span style=\"font-weight: 400;\">[Source: <\/span><\/i><a href=\"https:\/\/www.ecb.europa.eu\/press\/blog\/date\/2026\/html\/ecb.blog20260304~d9e34fc95f.en.html\"><i><span style=\"font-weight: 400;\">European Central Bank<\/span><\/i><\/a><i><span style=\"font-weight: 400;\">]<\/span><\/i><\/p>\n\t\t\t\t\t<\/div>\n\t\t\t\t\t\t<\/div>\n\t\t\t\t<\/div>\n\t\t\t\t\t<\/div>\n\t\t\t\t<\/div>\n\t\t<div class=\"wd-negative-gap elementor-element elementor-element-38f4b6a e-flex e-con-boxed e-con e-parent\" data-id=\"38f4b6a\" data-element_type=\"container\" data-e-type=\"container\">\n\t\t\t\t\t<div class=\"e-con-inner\">\n\t\t\t\t<div class=\"elementor-element elementor-element-5ef5a27 wd-width-100 elementor-widget elementor-widget-wd_title\" data-id=\"5ef5a27\" data-element_type=\"widget\" data-e-type=\"widget\" data-widget_type=\"wd_title.default\">\n\t\t\t\t<div class=\"elementor-widget-container\">\n\t\t\t\t\t\t\t<div class=\"title-wrapper wd-set-mb reset-last-child wd-title-color-default wd-title-style-default wd-title-size-default text-left\">\n\n\t\t\t\n\t\t\t<div class=\"liner-continer\">\n\t\t\t\t<h4 class=\"woodmart-title-container title wd-fontsize-l\">Une nouvelle fa\u00e7on d'acc\u00e9der au monde du travail<br \/>\n<\/h4> \n\t\t\t\t\t\t\t<\/div>\n\n\t\t\t\t\t<\/div>\n\t\t\t\t\t\t<\/div>\n\t\t\t\t<\/div>\n\t\t\t\t<div class=\"elementor-element elementor-element-f1f42a7 elementor-widget elementor-widget-wd_text_block\" data-id=\"f1f42a7\" data-element_type=\"widget\" data-e-type=\"widget\" data-widget_type=\"wd_text_block.default\">\n\t\t\t\t<div class=\"elementor-widget-container\">\n\t\t\t\t\t\t\t<div class=\"wd-text-block reset-last-child text-left\">\n\t\t\t\n\t\t\t<p><span style=\"font-weight: 400;\">Si les chiffres globaux de l'emploi indiquent une cr\u00e9ation nette d'emplois, la r\u00e9partition des opportunit\u00e9s devient de plus en plus in\u00e9gale, en particulier pour les jeunes travailleurs.<\/span><\/p><p><span style=\"font-weight: 400;\">L'IA est en train de transformer non seulement la mani\u00e8re dont le travail est effectu\u00e9, mais aussi la fa\u00e7on dont les individus int\u00e8grent le march\u00e9 du travail et y \u00e9voluent. Les postes de d\u00e9but de carri\u00e8re ont traditionnellement offert des parcours structur\u00e9s pour le d\u00e9veloppement des comp\u00e9tences. Cependant, bon nombre de ces emplois \u00ab tremplins \u00bb comptent parmi ceux qui sont les plus expos\u00e9s \u00e0 l'automatisation.  <\/span><\/p><p><span style=\"font-weight: 400;\">Selon l'UNICEF, cela engendre une double dynamique. L'IA peut ouvrir la voie \u00e0 l'innovation, \u00e0 l'entrepreneuriat et \u00e0 l'\u00e9volution de carri\u00e8re, mais elle peut \u00e9galement entra\u00eener la disparition des postes de d\u00e9butants, rendant ainsi plus difficile pour les jeunes professionnels d'acqu\u00e9rir une exp\u00e9rience de base. <\/span><\/p>\n\t\t\t\t\t<\/div>\n\t\t\t\t\t\t<\/div>\n\t\t\t\t<\/div>\n\t\t\t\t<div class=\"elementor-element elementor-element-a9c0f17 elementor-widget elementor-widget-wd_text_block\" data-id=\"a9c0f17\" data-element_type=\"widget\" data-e-type=\"widget\" data-widget_type=\"wd_text_block.default\">\n\t\t\t\t<div class=\"elementor-widget-container\">\n\t\t\t\t\t\t\t<div class=\"wd-text-block reset-last-child text-left\">\n\t\t\t\n\t\t\t<p><i><span style=\"font-weight: 400;\">[Source: <\/span><\/i><a href=\"https:\/\/www.unicef.org\/innocenti\/stories\/2026-global-outlook-reshaping-work-ai-driven-labour-market\"><i><span style=\"font-weight: 400;\">Unicef<\/span><\/i><\/a><i><span style=\"font-weight: 400;\">]<\/span><\/i><\/p>\n\t\t\t\t\t<\/div>\n\t\t\t\t\t\t<\/div>\n\t\t\t\t<\/div>\n\t\t\t\t\t<\/div>\n\t\t\t\t<\/div>\n\t\t<div class=\"wd-negative-gap elementor-element elementor-element-da6f624 e-flex e-con-boxed e-con e-parent\" data-id=\"da6f624\" data-element_type=\"container\" data-e-type=\"container\">\n\t\t\t\t\t<div class=\"e-con-inner\">\n\t\t\t\t<div class=\"elementor-element elementor-element-df3575c wd-width-100 elementor-widget elementor-widget-wd_title\" data-id=\"df3575c\" data-element_type=\"widget\" data-e-type=\"widget\" data-widget_type=\"wd_title.default\">\n\t\t\t\t<div class=\"elementor-widget-container\">\n\t\t\t\t\t\t\t<div class=\"title-wrapper wd-set-mb reset-last-child wd-title-color-default wd-title-style-default wd-title-size-default text-left\">\n\n\t\t\t\n\t\t\t<div class=\"liner-continer\">\n\t\t\t\t<h4 class=\"woodmart-title-container title wd-fontsize-l\">Une main-d'\u0153uvre en pleine expansion, mais aux r\u00e9sultats in\u00e9gaux<br \/>\n<\/h4> \n\t\t\t\t\t\t\t<\/div>\n\n\t\t\t\t\t<\/div>\n\t\t\t\t\t\t<\/div>\n\t\t\t\t<\/div>\n\t\t\t\t<div class=\"elementor-element elementor-element-a38b89d elementor-widget elementor-widget-wd_text_block\" data-id=\"a38b89d\" data-element_type=\"widget\" data-e-type=\"widget\" data-widget_type=\"wd_text_block.default\">\n\t\t\t\t<div class=\"elementor-widget-container\">\n\t\t\t\t\t\t\t<div class=\"wd-text-block reset-last-child text-left\">\n\t\t\t\n\t\t\t<p><span style=\"font-weight: 400;\">La main-d'\u0153uvre mondiale est en pleine expansion. De nouveaux m\u00e9tiers apparaissent, les secteurs d'activit\u00e9 \u00e9voluent et les capacit\u00e9s technologiques progressent \u00e0 un rythme soutenu. Pourtant, la r\u00e9partition des opportunit\u00e9s reste in\u00e9gale.  <\/span><\/p><p><span style=\"font-weight: 400;\">L'IA ne se contente pas de remplacer des emplois, ni d'en cr\u00e9er partout. Elle remod\u00e8le la structure du monde du travail : elle d\u00e9termine qui a acc\u00e8s aux opportunit\u00e9s, quelles comp\u00e9tences sont valoris\u00e9es et comment les carri\u00e8res se construisent au fil du temps. <\/span><\/p><p><span style=\"font-weight: 400;\">Alors que les entreprises et les institutions traversent cette transition, la question centrale n'est plus de savoir si le changement aura lieu, mais comment il sera g\u00e9r\u00e9. Le d\u00e9fi consiste \u00e0 veiller \u00e0 ce que la transformation de la main-d'\u0153uvre soit non seulement efficace, mais aussi inclusive et durable. Car si l'avenir du travail prend de l'ampleur, y acc\u00e9der devient de plus en plus complexe.  <\/span><\/p>\n\t\t\t\t\t<\/div>\n\t\t\t\t\t\t<\/div>\n\t\t\t\t<\/div>\n\t\t\t\t\t<\/div>\n\t\t\t\t<\/div>\n\t\t\t\t<\/div>\n\t\t","protected":false},"excerpt":{"rendered":"<p>L&rsquo;avenir du travail n&rsquo;est plus une simple hypoth\u00e8se. L&rsquo;automatisation, l&rsquo;intelligence artificielle et les plateformes num\u00e9riques sont en train de transformer<\/p>\n","protected":false},"author":1,"featured_media":106344,"comment_status":"closed","ping_status":"closed","sticky":false,"template":"","format":"standard","meta":{"footnotes":""},"categories":[68],"tags":[],"class_list":["post-106338","post","type-post","status-publish","format-standard","has-post-thumbnail","hentry","category-ai-fr"],"yoast_head":"<!-- This site is optimized with the Yoast SEO Premium plugin v26.8 (Yoast SEO v26.8) - https:\/\/yoast.com\/product\/yoast-seo-premium-wordpress\/ -->\n<title>Comment l&#039;IA transforme le march\u00e9 du travail mondial - La Royale Group<\/title>\n<meta name=\"robots\" content=\"index, follow, max-snippet:-1, max-image-preview:large, max-video-preview:-1\" \/>\n<link rel=\"canonical\" href=\"https:\/\/laroyale.com\/fr\/comment-lia-transforme-le-marche-du-travail-mondial\/\" \/>\n<meta property=\"og:locale\" content=\"fr_FR\" \/>\n<meta property=\"og:type\" content=\"article\" \/>\n<meta property=\"og:title\" content=\"Comment l&#039;IA transforme le march\u00e9 du travail mondial\" \/>\n<meta property=\"og:description\" content=\"L&rsquo;avenir du travail n&rsquo;est plus une simple hypoth\u00e8se. L&rsquo;automatisation, l&rsquo;intelligence artificielle et les plateformes num\u00e9riques sont en train de transformer\" \/>\n<meta property=\"og:url\" content=\"https:\/\/laroyale.com\/fr\/comment-lia-transforme-le-marche-du-travail-mondial\/\" \/>\n<meta property=\"og:site_name\" content=\"La Royale Group\" \/>\n<meta property=\"article:published_time\" content=\"2026-04-27T07:54:14+00:00\" \/>\n<meta property=\"article:modified_time\" content=\"2026-04-28T05:06:49+00:00\" \/>\n<meta property=\"og:image\" content=\"https:\/\/laroyale.com\/wp-content\/uploads\/2026\/04\/lightshow-in-dubai-showing-how-the-world-is-evolvi-2026-03-09-09-00-17-utc.jpg\" \/>\n\t<meta property=\"og:image:width\" content=\"1500\" \/>\n\t<meta property=\"og:image:height\" content=\"1000\" \/>\n\t<meta property=\"og:image:type\" content=\"image\/jpeg\" \/>\n<meta name=\"author\" content=\"La Royale Group\" \/>\n<meta name=\"twitter:card\" content=\"summary_large_image\" \/>\n<meta name=\"twitter:label1\" content=\"\u00c9crit par\" \/>\n\t<meta name=\"twitter:data1\" content=\"La Royale Group\" \/>\n\t<meta name=\"twitter:label2\" content=\"Dur\u00e9e de lecture estim\u00e9e\" \/>\n\t<meta name=\"twitter:data2\" content=\"4 minutes\" \/>\n<script type=\"application\/ld+json\" class=\"yoast-schema-graph\">{\"@context\":\"https:\/\/schema.org\",\"@graph\":[{\"@type\":\"Article\",\"@id\":\"https:\/\/laroyale.com\/fr\/comment-lia-transforme-le-marche-du-travail-mondial\/#article\",\"isPartOf\":{\"@id\":\"https:\/\/laroyale.com\/fr\/comment-lia-transforme-le-marche-du-travail-mondial\/\"},\"author\":{\"name\":\"La Royale Group\",\"@id\":\"https:\/\/laroyale.com\/fr\/#\/schema\/person\/cf1bd02a0ffae65594e9fbb854d7c3b0\"},\"headline\":\"Comment l&rsquo;IA transforme le march\u00e9 du travail mondial\",\"datePublished\":\"2026-04-27T07:54:14+00:00\",\"dateModified\":\"2026-04-28T05:06:49+00:00\",\"mainEntityOfPage\":{\"@id\":\"https:\/\/laroyale.com\/fr\/comment-lia-transforme-le-marche-du-travail-mondial\/\"},\"wordCount\":800,\"publisher\":{\"@id\":\"https:\/\/laroyale.com\/fr\/#organization\"},\"image\":{\"@id\":\"https:\/\/laroyale.com\/fr\/comment-lia-transforme-le-marche-du-travail-mondial\/#primaryimage\"},\"thumbnailUrl\":\"https:\/\/laroyale.com\/wp-content\/uploads\/2026\/04\/lightshow-in-dubai-showing-how-the-world-is-evolvi-2026-03-09-09-00-17-utc.jpg\",\"articleSection\":[\"AI\"],\"inLanguage\":\"fr-FR\"},{\"@type\":\"WebPage\",\"@id\":\"https:\/\/laroyale.com\/fr\/comment-lia-transforme-le-marche-du-travail-mondial\/\",\"url\":\"https:\/\/laroyale.com\/fr\/comment-lia-transforme-le-marche-du-travail-mondial\/\",\"name\":\"Comment l'IA transforme le march\u00e9 du travail mondial - La Royale Group\",\"isPartOf\":{\"@id\":\"https:\/\/laroyale.com\/fr\/#website\"},\"primaryImageOfPage\":{\"@id\":\"https:\/\/laroyale.com\/fr\/comment-lia-transforme-le-marche-du-travail-mondial\/#primaryimage\"},\"image\":{\"@id\":\"https:\/\/laroyale.com\/fr\/comment-lia-transforme-le-marche-du-travail-mondial\/#primaryimage\"},\"thumbnailUrl\":\"https:\/\/laroyale.com\/wp-content\/uploads\/2026\/04\/lightshow-in-dubai-showing-how-the-world-is-evolvi-2026-03-09-09-00-17-utc.jpg\",\"datePublished\":\"2026-04-27T07:54:14+00:00\",\"dateModified\":\"2026-04-28T05:06:49+00:00\",\"breadcrumb\":{\"@id\":\"https:\/\/laroyale.com\/fr\/comment-lia-transforme-le-marche-du-travail-mondial\/#breadcrumb\"},\"inLanguage\":\"fr-FR\",\"potentialAction\":[{\"@type\":\"ReadAction\",\"target\":[\"https:\/\/laroyale.com\/fr\/comment-lia-transforme-le-marche-du-travail-mondial\/\"]}]},{\"@type\":\"ImageObject\",\"inLanguage\":\"fr-FR\",\"@id\":\"https:\/\/laroyale.com\/fr\/comment-lia-transforme-le-marche-du-travail-mondial\/#primaryimage\",\"url\":\"https:\/\/laroyale.com\/wp-content\/uploads\/2026\/04\/lightshow-in-dubai-showing-how-the-world-is-evolvi-2026-03-09-09-00-17-utc.jpg\",\"contentUrl\":\"https:\/\/laroyale.com\/wp-content\/uploads\/2026\/04\/lightshow-in-dubai-showing-how-the-world-is-evolvi-2026-03-09-09-00-17-utc.jpg\",\"width\":1500,\"height\":1000},{\"@type\":\"BreadcrumbList\",\"@id\":\"https:\/\/laroyale.com\/fr\/comment-lia-transforme-le-marche-du-travail-mondial\/#breadcrumb\",\"itemListElement\":[{\"@type\":\"ListItem\",\"position\":1,\"name\":\"Home\",\"item\":\"https:\/\/laroyale.com\/fr\/maison\/\"},{\"@type\":\"ListItem\",\"position\":2,\"name\":\"Comment l&#8217;IA transforme le march\u00e9 du travail mondial\"}]},{\"@type\":\"WebSite\",\"@id\":\"https:\/\/laroyale.com\/fr\/#website\",\"url\":\"https:\/\/laroyale.com\/fr\/\",\"name\":\"La Royale Group\",\"description\":\"Propulser la croissance pour l'avenir\",\"publisher\":{\"@id\":\"https:\/\/laroyale.com\/fr\/#organization\"},\"potentialAction\":[{\"@type\":\"SearchAction\",\"target\":{\"@type\":\"EntryPoint\",\"urlTemplate\":\"https:\/\/laroyale.com\/fr\/?s={search_term_string}\"},\"query-input\":{\"@type\":\"PropertyValueSpecification\",\"valueRequired\":true,\"valueName\":\"search_term_string\"}}],\"inLanguage\":\"fr-FR\"},{\"@type\":\"Organization\",\"@id\":\"https:\/\/laroyale.com\/fr\/#organization\",\"name\":\"La Royale Group\",\"url\":\"https:\/\/laroyale.com\/fr\/\",\"logo\":{\"@type\":\"ImageObject\",\"inLanguage\":\"fr-FR\",\"@id\":\"https:\/\/laroyale.com\/fr\/#\/schema\/logo\/image\/\",\"url\":\"https:\/\/laroyale.com\/wp-content\/uploads\/2025\/07\/LRG-logo-white-square-2.webp\",\"contentUrl\":\"https:\/\/laroyale.com\/wp-content\/uploads\/2025\/07\/LRG-logo-white-square-2.webp\",\"width\":1000,\"height\":1000,\"caption\":\"La Royale Group\"},\"image\":{\"@id\":\"https:\/\/laroyale.com\/fr\/#\/schema\/logo\/image\/\"},\"sameAs\":[\"https:\/\/mt.linkedin.com\/company\/la-royale-group\"]},{\"@type\":\"Person\",\"@id\":\"https:\/\/laroyale.com\/fr\/#\/schema\/person\/cf1bd02a0ffae65594e9fbb854d7c3b0\",\"name\":\"La Royale Group\",\"image\":{\"@type\":\"ImageObject\",\"inLanguage\":\"fr-FR\",\"@id\":\"https:\/\/laroyale.com\/fr\/#\/schema\/person\/image\/\",\"url\":\"https:\/\/secure.gravatar.com\/avatar\/7e4cb096ef73b83ab18c61bdcdbcd180?s=96&d=mm&r=g\",\"contentUrl\":\"https:\/\/secure.gravatar.com\/avatar\/7e4cb096ef73b83ab18c61bdcdbcd180?s=96&d=mm&r=g\",\"caption\":\"La Royale Group\"},\"sameAs\":[\"https:\/\/laroyale.com\"],\"url\":\"https:\/\/laroyale.com\/fr\/author\/j-escolarlri-sg\/\"}]}<\/script>\n<!-- \/ Yoast SEO Premium plugin. -->","yoast_head_json":{"title":"Comment l'IA transforme le march\u00e9 du travail mondial - La Royale Group","robots":{"index":"index","follow":"follow","max-snippet":"max-snippet:-1","max-image-preview":"max-image-preview:large","max-video-preview":"max-video-preview:-1"},"canonical":"https:\/\/laroyale.com\/fr\/comment-lia-transforme-le-marche-du-travail-mondial\/","og_locale":"fr_FR","og_type":"article","og_title":"Comment l'IA transforme le march\u00e9 du travail mondial","og_description":"L&rsquo;avenir du travail n&rsquo;est plus une simple hypoth\u00e8se. L&rsquo;automatisation, l&rsquo;intelligence artificielle et les plateformes num\u00e9riques sont en train de transformer","og_url":"https:\/\/laroyale.com\/fr\/comment-lia-transforme-le-marche-du-travail-mondial\/","og_site_name":"La Royale Group","article_published_time":"2026-04-27T07:54:14+00:00","article_modified_time":"2026-04-28T05:06:49+00:00","og_image":[{"width":1500,"height":1000,"url":"https:\/\/laroyale.com\/wp-content\/uploads\/2026\/04\/lightshow-in-dubai-showing-how-the-world-is-evolvi-2026-03-09-09-00-17-utc.jpg","type":"image\/jpeg"}],"author":"La Royale Group","twitter_card":"summary_large_image","twitter_misc":{"\u00c9crit par":"La Royale Group","Dur\u00e9e de lecture estim\u00e9e":"4 minutes"},"schema":{"@context":"https:\/\/schema.org","@graph":[{"@type":"Article","@id":"https:\/\/laroyale.com\/fr\/comment-lia-transforme-le-marche-du-travail-mondial\/#article","isPartOf":{"@id":"https:\/\/laroyale.com\/fr\/comment-lia-transforme-le-marche-du-travail-mondial\/"},"author":{"name":"La Royale Group","@id":"https:\/\/laroyale.com\/fr\/#\/schema\/person\/cf1bd02a0ffae65594e9fbb854d7c3b0"},"headline":"Comment l&rsquo;IA transforme le march\u00e9 du travail mondial","datePublished":"2026-04-27T07:54:14+00:00","dateModified":"2026-04-28T05:06:49+00:00","mainEntityOfPage":{"@id":"https:\/\/laroyale.com\/fr\/comment-lia-transforme-le-marche-du-travail-mondial\/"},"wordCount":800,"publisher":{"@id":"https:\/\/laroyale.com\/fr\/#organization"},"image":{"@id":"https:\/\/laroyale.com\/fr\/comment-lia-transforme-le-marche-du-travail-mondial\/#primaryimage"},"thumbnailUrl":"https:\/\/laroyale.com\/wp-content\/uploads\/2026\/04\/lightshow-in-dubai-showing-how-the-world-is-evolvi-2026-03-09-09-00-17-utc.jpg","articleSection":["AI"],"inLanguage":"fr-FR"},{"@type":"WebPage","@id":"https:\/\/laroyale.com\/fr\/comment-lia-transforme-le-marche-du-travail-mondial\/","url":"https:\/\/laroyale.com\/fr\/comment-lia-transforme-le-marche-du-travail-mondial\/","name":"Comment l'IA transforme le march\u00e9 du travail mondial - La Royale Group","isPartOf":{"@id":"https:\/\/laroyale.com\/fr\/#website"},"primaryImageOfPage":{"@id":"https:\/\/laroyale.com\/fr\/comment-lia-transforme-le-marche-du-travail-mondial\/#primaryimage"},"image":{"@id":"https:\/\/laroyale.com\/fr\/comment-lia-transforme-le-marche-du-travail-mondial\/#primaryimage"},"thumbnailUrl":"https:\/\/laroyale.com\/wp-content\/uploads\/2026\/04\/lightshow-in-dubai-showing-how-the-world-is-evolvi-2026-03-09-09-00-17-utc.jpg","datePublished":"2026-04-27T07:54:14+00:00","dateModified":"2026-04-28T05:06:49+00:00","breadcrumb":{"@id":"https:\/\/laroyale.com\/fr\/comment-lia-transforme-le-marche-du-travail-mondial\/#breadcrumb"},"inLanguage":"fr-FR","potentialAction":[{"@type":"ReadAction","target":["https:\/\/laroyale.com\/fr\/comment-lia-transforme-le-marche-du-travail-mondial\/"]}]},{"@type":"ImageObject","inLanguage":"fr-FR","@id":"https:\/\/laroyale.com\/fr\/comment-lia-transforme-le-marche-du-travail-mondial\/#primaryimage","url":"https:\/\/laroyale.com\/wp-content\/uploads\/2026\/04\/lightshow-in-dubai-showing-how-the-world-is-evolvi-2026-03-09-09-00-17-utc.jpg","contentUrl":"https:\/\/laroyale.com\/wp-content\/uploads\/2026\/04\/lightshow-in-dubai-showing-how-the-world-is-evolvi-2026-03-09-09-00-17-utc.jpg","width":1500,"height":1000},{"@type":"BreadcrumbList","@id":"https:\/\/laroyale.com\/fr\/comment-lia-transforme-le-marche-du-travail-mondial\/#breadcrumb","itemListElement":[{"@type":"ListItem","position":1,"name":"Home","item":"https:\/\/laroyale.com\/fr\/maison\/"},{"@type":"ListItem","position":2,"name":"Comment l&#8217;IA transforme le march\u00e9 du travail mondial"}]},{"@type":"WebSite","@id":"https:\/\/laroyale.com\/fr\/#website","url":"https:\/\/laroyale.com\/fr\/","name":"La Royale Group","description":"Propulser la croissance pour l'avenir","publisher":{"@id":"https:\/\/laroyale.com\/fr\/#organization"},"potentialAction":[{"@type":"SearchAction","target":{"@type":"EntryPoint","urlTemplate":"https:\/\/laroyale.com\/fr\/?s={search_term_string}"},"query-input":{"@type":"PropertyValueSpecification","valueRequired":true,"valueName":"search_term_string"}}],"inLanguage":"fr-FR"},{"@type":"Organization","@id":"https:\/\/laroyale.com\/fr\/#organization","name":"La Royale Group","url":"https:\/\/laroyale.com\/fr\/","logo":{"@type":"ImageObject","inLanguage":"fr-FR","@id":"https:\/\/laroyale.com\/fr\/#\/schema\/logo\/image\/","url":"https:\/\/laroyale.com\/wp-content\/uploads\/2025\/07\/LRG-logo-white-square-2.webp","contentUrl":"https:\/\/laroyale.com\/wp-content\/uploads\/2025\/07\/LRG-logo-white-square-2.webp","width":1000,"height":1000,"caption":"La Royale Group"},"image":{"@id":"https:\/\/laroyale.com\/fr\/#\/schema\/logo\/image\/"},"sameAs":["https:\/\/mt.linkedin.com\/company\/la-royale-group"]},{"@type":"Person","@id":"https:\/\/laroyale.com\/fr\/#\/schema\/person\/cf1bd02a0ffae65594e9fbb854d7c3b0","name":"La Royale Group","image":{"@type":"ImageObject","inLanguage":"fr-FR","@id":"https:\/\/laroyale.com\/fr\/#\/schema\/person\/image\/","url":"https:\/\/secure.gravatar.com\/avatar\/7e4cb096ef73b83ab18c61bdcdbcd180?s=96&d=mm&r=g","contentUrl":"https:\/\/secure.gravatar.com\/avatar\/7e4cb096ef73b83ab18c61bdcdbcd180?s=96&d=mm&r=g","caption":"La Royale Group"},"sameAs":["https:\/\/laroyale.com"],"url":"https:\/\/laroyale.com\/fr\/author\/j-escolarlri-sg\/"}]}},"_links":{"self":[{"href":"https:\/\/laroyale.com\/fr\/wp-json\/wp\/v2\/posts\/106338","targetHints":{"allow":["GET"]}}],"collection":[{"href":"https:\/\/laroyale.com\/fr\/wp-json\/wp\/v2\/posts"}],"about":[{"href":"https:\/\/laroyale.com\/fr\/wp-json\/wp\/v2\/types\/post"}],"author":[{"embeddable":true,"href":"https:\/\/laroyale.com\/fr\/wp-json\/wp\/v2\/users\/1"}],"replies":[{"embeddable":true,"href":"https:\/\/laroyale.com\/fr\/wp-json\/wp\/v2\/comments?post=106338"}],"version-history":[{"count":2,"href":"https:\/\/laroyale.com\/fr\/wp-json\/wp\/v2\/posts\/106338\/revisions"}],"predecessor-version":[{"id":106345,"href":"https:\/\/laroyale.com\/fr\/wp-json\/wp\/v2\/posts\/106338\/revisions\/106345"}],"wp:featuredmedia":[{"embeddable":true,"href":"https:\/\/laroyale.com\/fr\/wp-json\/wp\/v2\/media\/106344"}],"wp:attachment":[{"href":"https:\/\/laroyale.com\/fr\/wp-json\/wp\/v2\/media?parent=106338"}],"wp:term":[{"taxonomy":"category","embeddable":true,"href":"https:\/\/laroyale.com\/fr\/wp-json\/wp\/v2\/categories?post=106338"},{"taxonomy":"post_tag","embeddable":true,"href":"https:\/\/laroyale.com\/fr\/wp-json\/wp\/v2\/tags?post=106338"}],"curies":[{"name":"wp","href":"https:\/\/api.w.org\/{rel}","templated":true}]}}